{"id":456,"date":"2019-10-28T22:51:29","date_gmt":"2019-10-28T21:51:29","guid":{"rendered":"https:\/\/www.lessittelles.ch\/wp5\/?p=456"},"modified":"2019-10-28T22:53:38","modified_gmt":"2019-10-28T21:53:38","slug":"notre-nouveau-directeur-entre-baguette-et-aiguilles","status":"publish","type":"post","link":"https:\/\/www.lessittelles.ch\/wp5\/2019\/10\/28\/notre-nouveau-directeur-entre-baguette-et-aiguilles\/","title":{"rendered":"Notre nouveau directeur, entre baguette et aiguilles"},"content":{"rendered":"\n<p>A l\u2019heure o\u00f9 les hirondelles s\u2019en sont all\u00e9es vers des latitudes plus cl\u00e9mentes, Les Sittelles prennent \u00e9galement de nouveaux airs, puisqu\u2019elles gazouillent depuis la rentr\u00e9e 2019 sous la baguette de Christophe von K\u00e4nel, leur nouveau directeur. Les accord\u00e9onistes oronnais ont en effet accord\u00e9 leur confiance \u00e0 la rigueur et \u00e0 la pr\u00e9cision d\u2019un horloger neuch\u00e2telois pour les guider sur leur chemin musical.<\/p>\n\n\n\n<p>Originaire et habitant du Val-de-Travers, Christophe von K\u00e4nel a d\u00e9but\u00e9 l\u2019accord\u00e9on \u00e0 l\u2019\u00e2ge de 7 ans et a \u00e9t\u00e9 form\u00e9 par plusieurs professeurs, lui permettant de participer en tant que soliste \u00e0 de nombreux concours romands et finales suisses. Il suit des cours de solf\u00e8ge au Conservatoire neuch\u00e2telois. Le musicien joue \u00e9galement en orchestre dans le club d\u2019accord\u00e9onistes Areusia-Aurore de Fleurier-Couvet, soci\u00e9t\u00e9 dont il prend petit \u00e0 petit, d\u00e8s l\u2019\u00e2ge de 15 ans, une partie de la direction, sans dipl\u00f4me.<\/p>\n\n\n\n<p>Suite \u00e0 une tourn\u00e9e de l\u2019Orchestre des Accord\u00e9onistes de Suisse Francophone en Chine en 2015, l\u2019envie de transmettre ses id\u00e9es musicales et de les concr\u00e9tiser de mani\u00e8re plus professionnelle surgit. Christophe von K\u00e4nel s\u2019inscrit donc au Conservatoire de Lausanne pour y suivre les cours de solf\u00e8ge, d\u2019harmonie et de direction d\u2019ensembles \u00e0 vent d\u2019Herv\u00e9 Gr\u00e9lat et Jean-Christophe Monnier. Il aura durant ce cursus l\u2019occasion de diriger des harmonies et brass-bands et obtient son dipl\u00f4me en \u00e9t\u00e9 2018.<\/p>\n\n\n\n<p>Parall\u00e8lement, il sous-dirige quelques temps les accord\u00e9onistes des Ponts-de-Martel avant de reprendre, en janvier 2017, la direction des Ondins d\u2019Orbe, auparavant dirig\u00e9s par Claudine Haenni, qui a \u00e9galement fond\u00e9 et dirig\u00e9 Les Sittelles d\u2019Oron durant de nombreuses ann\u00e9es.<\/p>\n\n\n\n<p>Les Sittelles souhaitent le meilleur des bons vents \u00e0 Nicole Maire, qui \u00e9tait \u00e0 leur t\u00eate entre 2017 et 2019 et vous invitent \u00e0 d\u00e9couvrir Christophe von K\u00e4nel lors de leurs prochaines manifestations&nbsp;!<\/p>\n\n\n\n<p>Concert th\u00e9-vente&nbsp;: 17 novembre 2019 \u00e0 14h \u00e0 la salle de paroisse catholique d\u2019Oron<\/p>\n\n\n\n<p>Concerts annuels&nbsp;: 24 et 25 janvier 2020 \u00e0 20h \u00e0 l\u2019Aula du coll\u00e8ge d\u2019Oron<\/p>\n\n\n\n<figure class=\"wp-block-image\"><img loading=\"lazy\" decoding=\"async\" width=\"1024\" height=\"880\" src=\"https:\/\/www.lessittelles.ch\/wp5\/wp-content\/uploads\/2019\/10\/photo_christophe-1024x880.jpg\" alt=\"\" class=\"wp-image-457\" srcset=\"https:\/\/www.lessittelles.ch\/wp5\/wp-content\/uploads\/2019\/10\/photo_christophe-1024x880.jpg 1024w, https:\/\/www.lessittelles.ch\/wp5\/wp-content\/uploads\/2019\/10\/photo_christophe-300x258.jpg 300w, https:\/\/www.lessittelles.ch\/wp5\/wp-content\/uploads\/2019\/10\/photo_christophe-768x660.jpg 768w, https:\/\/www.lessittelles.ch\/wp5\/wp-content\/uploads\/2019\/10\/photo_christophe.jpg 2030w\" sizes=\"auto, (max-width: 1024px) 100vw, 1024px\" \/><figcaption>Christophe von K\u00e4nel<\/figcaption><\/figure>\n","protected":false},"excerpt":{"rendered":"<p>A l\u2019heure o\u00f9 les hirondelles s\u2019en sont all\u00e9es vers des latitudes plus cl\u00e9mentes, Les Sittelles prennent \u00e9galement de nouveaux airs, puisqu\u2019elles gazouillent depuis la rentr\u00e9e 2019 sous la baguette de Christophe von K\u00e4nel, leur nouveau directeur. Les accord\u00e9onistes oronnais ont<\/p>\n","protected":false},"author":1,"featured_media":0,"comment_status":"closed","ping_status":"closed","sticky":false,"template":"","format":"standard","meta":{"_EventAllDay":false,"_EventTimezone":"","_EventStartDate":"","_EventEndDate":"","_EventStartDateUTC":"","_EventEndDateUTC":"","_EventShowMap":false,"_EventShowMapLink":false,"_EventURL":"","_EventCost":"","_EventCostDescription":"","_EventCurrencySymbol":"","_EventCurrencyCode":"","_EventCurrencyPosition":"","_EventDateTimeSeparator":"","_EventTimeRangeSeparator":"","_EventOrganizerID":[],"_EventVenueID":[],"_OrganizerEmail":"","_OrganizerPhone":"","_OrganizerWebsite":"","_VenueAddress":"","_VenueCity":"","_VenueCountry":"","_VenueProvince":"","_VenueState":"","_VenueZip":"","_VenuePhone":"","_VenueURL":"","_VenueStateProvince":"","_VenueLat":"","_VenueLng":"","_VenueShowMap":false,"_VenueShowMapLink":false,"footnotes":""},"categories":[1],"tags":[],"class_list":["post-456","post","type-post","status-publish","format-standard","hentry","category-uncategorized"],"_links":{"self":[{"href":"https:\/\/www.lessittelles.ch\/wp5\/wp-json\/wp\/v2\/posts\/456","targetHints":{"allow":["GET"]}}],"collection":[{"href":"https:\/\/www.lessittelles.ch\/wp5\/wp-json\/wp\/v2\/posts"}],"about":[{"href":"https:\/\/www.lessittelles.ch\/wp5\/wp-json\/wp\/v2\/types\/post"}],"author":[{"embeddable":true,"href":"https:\/\/www.lessittelles.ch\/wp5\/wp-json\/wp\/v2\/users\/1"}],"replies":[{"embeddable":true,"href":"https:\/\/www.lessittelles.ch\/wp5\/wp-json\/wp\/v2\/comments?post=456"}],"version-history":[{"count":2,"href":"https:\/\/www.lessittelles.ch\/wp5\/wp-json\/wp\/v2\/posts\/456\/revisions"}],"predecessor-version":[{"id":459,"href":"https:\/\/www.lessittelles.ch\/wp5\/wp-json\/wp\/v2\/posts\/456\/revisions\/459"}],"wp:attachment":[{"href":"https:\/\/www.lessittelles.ch\/wp5\/wp-json\/wp\/v2\/media?parent=456"}],"wp:term":[{"taxonomy":"category","embeddable":true,"href":"https:\/\/www.lessittelles.ch\/wp5\/wp-json\/wp\/v2\/categories?post=456"},{"taxonomy":"post_tag","embeddable":true,"href":"https:\/\/www.lessittelles.ch\/wp5\/wp-json\/wp\/v2\/tags?post=456"}],"curies":[{"name":"wp","href":"https:\/\/api.w.org\/{rel}","templated":true}]}}